{"id":71,"date":"2008-06-09T14:02:47","date_gmt":"2008-06-09T12:02:47","guid":{"rendered":"https:\/\/www.glosa.info\/?p=71"},"modified":"2008-06-09T14:03:11","modified_gmt":"2008-06-09T12:03:11","slug":"odcinek-62-bronislaw-wildstein-dolina-nicosci","status":"publish","type":"post","link":"https:\/\/www.glosa.info\/?p=71","title":{"rendered":"Odcinek 62: Bronis\u0142aw Wildstein &#8222;Dolina Nico\u015bci&#8221;"},"content":{"rendered":"<p><img decoding=\"async\" src=\"https:\/\/glosa.info\/grafika\/62\/dolina.jpg\" alt=\"Dolina Nico\u015bci - ok\u0142adka\" title=\"Dolina Nico\u015bci - ok\u0142adka\" class=\"alignleft\" align=\"left\" border=\"1\" \/>Powie\u015b\u0107 \u201eDolina Nico\u015bci\u201d Bronis\u0142awa Wildsteina z dnia na dzie\u0144 sta\u0142a si\u0119 wydarzeniem. Pisz\u0105 i wypowiadaj\u0105 si\u0119 o niej nie tylko recenzenci literaccy, ale r\u00f3wnie\u017c \u2013 a nawet przede wszystkim \u2013 dziennikarze, publicy\u015bci i politycy. Bo to ich najbardziej dotyczy ta ksi\u0105\u017cka. Na forach internetowych trwa rozgryzanie postaci: kim jest Czu\u0142no, kogo reprezentuje biskup Korytko, z ilu postaci zlepiony jest Wilczycki?<\/p>\n<p>Zaprosi\u0142em autora ksi\u0105\u017cki, Bronis\u0142awa Wildsteina, do rozmowy o \u201eDolinie Nico\u015bci\u201d. Nie zada\u0142em jednak demaskatorskich pyta\u0144 o to\u017csamo\u015b\u0107 bohater\u00f3w. Zaproponowa\u0142em, \u017ceby\u015bmy poszli w g\u0142\u0105b zaznaczonych przez autora w\u0105tk\u00f3w. Z Bronis\u0142awem Wildsteinem rozmawia\u0142em wi\u0119c nie tylko o ksi\u0105\u017cce, ale te\u017c o zdradzie Judasza, uniewa\u017cnieniu afery Rywina i odbijaniu pi\u0142eczki od \u015bciany.<\/p>\n<p>Zapraszam do ods\u0142uchania 62 odcinka podkastu Glosa.<\/p>\n[audio:https:\/\/www.glosa.info\/epizody\/glosa62.mp3]\n<p><a href=\"https:\/\/www.glosa.info\/epizody\/glosa62.mp3\" title=\"Kliknij, aby zapisa\u0107 na dysku odcinek o Dolinie Nico\u015bci.\">Kliknij tutaj, aby zapisa\u0107 na dysku odcinek &#8222;Glosy &#8211; podkastu o nowych ksi\u0105\u017ckach&#8221; o ksi\u0105\u017cce &#8222;Dolina Nico\u015bci&#8221;.<\/a><\/p>\n<p><strong>Bronis\u0142aw Wildstein <a href=\"http:\/\/www.dolinanicosci.pl\" target=\"_blank\" title=\"Kliknij, aby przej\u015b\u0107 na stron\u0119 ksi\u0105\u017cki\">&#8222;Dolina Nico\u015bci&#8221;<\/a>, Wydawnictwo M, Krak\u00f3w 2008.<\/strong><\/p>\n<div class=\"powerpress_player\" id=\"powerpress_player_6739\"><audio class=\"wp-audio-shortcode\" id=\"audio-71-1\" preload=\"none\" style=\"width: 100%;\" controls=\"controls\"><source type=\"audio\/mpeg\" src=\"https:\/\/www.glosa.info\/epizody\/glosa62.mp3?_=1\" \/><a href=\"https:\/\/www.glosa.info\/epizody\/glosa62.mp3\">https:\/\/www.glosa.info\/epizody\/glosa62.mp3<\/a><\/audio><\/div><p class=\"powerpress_links powerpress_links_mp3\" style=\"margin-bottom: 1px !important;\">Podcast: <a href=\"https:\/\/www.glosa.info\/epizody\/glosa62.mp3\" class=\"powerpress_link_pinw\" target=\"_blank\" title=\"Play in new window\" onclick=\"return powerpress_pinw('https:\/\/www.glosa.info\/?powerpress_pinw=71-podcast');\" rel=\"nofollow\">Play in new window<\/a> | <a href=\"https:\/\/www.glosa.info\/epizody\/glosa62.mp3\" class=\"powerpress_link_d\" title=\"Download\" rel=\"nofollow\" download=\"glosa62.mp3\">Download<\/a><\/p>","protected":false},"excerpt":{"rendered":"<p>Powie\u015b\u0107 \u201eDolina Nico\u015bci\u201d Bronis\u0142awa Wildsteina z dnia na dzie\u0144 sta\u0142a si\u0119 wydarzeniem. Pisz\u0105 i wypowiadaj\u0105 si\u0119 o niej nie tylko recenzenci literaccy, ale r\u00f3wnie\u017c \u2013 a nawet przede wszystkim \u2013 dziennikarze, publicy\u015bci i politycy. Bo to ich najbardziej dotyczy ta ksi\u0105\u017cka. Na forach internetowych trwa rozgryzanie postaci: kim jest Czu\u0142no, kogo reprezentuje biskup Korytko, z [&hellip;]<\/p>\n","protected":false},"author":1,"featured_media":0,"comment_status":"open","ping_status":"open","sticky":false,"template":"","format":"standard","meta":{"footnotes":""},"categories":[],"tags":[],"class_list":["post-71","post","type-post","status-publish","format-standard","hentry"],"_links":{"self":[{"href":"https:\/\/www.glosa.info\/index.php?rest_route=\/wp\/v2\/posts\/71","targetHints":{"allow":["GET"]}}],"collection":[{"href":"https:\/\/www.glosa.info\/index.php?rest_route=\/wp\/v2\/posts"}],"about":[{"href":"https:\/\/www.glosa.info\/index.php?rest_route=\/wp\/v2\/types\/post"}],"author":[{"embeddable":true,"href":"https:\/\/www.glosa.info\/index.php?rest_route=\/wp\/v2\/users\/1"}],"replies":[{"embeddable":true,"href":"https:\/\/www.glosa.info\/index.php?rest_route=%2Fwp%2Fv2%2Fcomments&post=71"}],"version-history":[{"count":0,"href":"https:\/\/www.glosa.info\/index.php?rest_route=\/wp\/v2\/posts\/71\/revisions"}],"wp:attachment":[{"href":"https:\/\/www.glosa.info\/index.php?rest_route=%2Fwp%2Fv2%2Fmedia&parent=71"}],"wp:term":[{"taxonomy":"category","embeddable":true,"href":"https:\/\/www.glosa.info\/index.php?rest_route=%2Fwp%2Fv2%2Fcategories&post=71"},{"taxonomy":"post_tag","embeddable":true,"href":"https:\/\/www.glosa.info\/index.php?rest_route=%2Fwp%2Fv2%2Ftags&post=71"}],"curies":[{"name":"wp","href":"https:\/\/api.w.org\/{rel}","templated":true}]}}