{"id":68,"date":"2008-05-09T09:46:18","date_gmt":"2008-05-09T07:46:18","guid":{"rendered":"https:\/\/www.glosa.info\/?p=68"},"modified":"2008-05-09T14:44:44","modified_gmt":"2008-05-09T12:44:44","slug":"odcinek-59-malgorzata-nocun-andrzej-brzeziecki-ograbiony-narod","status":"publish","type":"post","link":"https:\/\/www.glosa.info\/?p=68","title":{"rendered":"Odcinek 59: Ma\u0142gorzata Nocu\u0144, Andrzej Brzeziecki &#8222;Ograbiony nar\u00f3d&#8221;"},"content":{"rendered":"<p><img decoding=\"async\" src=\"https:\/\/glosa.info\/grafika\/59\/bialorus.jpg\" alt=\"Ograbiony nar\u00f3d - ok\u0142adka\" title=\"Ograbiony nar\u00f3d - ok\u0142adka\" class=\"alignright\" align=\"right\" border=\"1\" \/>Bia\u0142oru\u015b widzimy najcz\u0119\u015bciej przez pryzmat z jednej strony \u0141ukaszenki, z drugiej opozycjonist\u00f3w pa\u0142owanych przez milicj\u0119. Ma\u0142gorzata Nocu\u0144 i Andrzej Brzeziecki w ksi\u0105\u017cce \u201eOgrabiony nar\u00f3d\u201d chc\u0105 pokaza\u0107 Bia\u0142oru\u015b intelektualn\u0105 i kulturaln\u0105. Przeprowadzili wywiady z trzynastoma lud\u017ami nauki i kultury, zarysowuj\u0105c pejza\u017c duchowy naszego wschodniego s\u0105siada.<\/p>\n<p>To ciekawe podej\u015bcie do Bia\u0142orusi, rzadko spotykane w mediach. Tym ciekawsze, \u017ce tak naprawd\u0119 pokazuje nierozerwalny \u0142a\u0144cuch, kt\u00f3ry \u0142\u0105czy kultur\u0119 i polityk\u0119. Nie tylko w krajach totalitarnych.<\/p>\n[audio:https:\/\/www.glosa.info\/epizody\/glosa59.mp3]\n<p><a href=\"https:\/\/www.glosa.info\/epizody\/glosa59.mp3\" title=\"Kliknij, aby zapisa\u0107 na dysku odcinek o ksi\u0105\u017cce Ograbiony nar\u00f3d.\">Kliknij tutaj, aby zapisa\u0107 na dysku odcinek &#8222;Glosy &#8211; podkastu o nowych ksi\u0105\u017ckach&#8221; o ksi\u0105\u017cce &#8222;Ograbiony nar\u00f3d&#8221;.<\/a><\/p>\n<p><strong>Ma\u0142gorzata Nocu\u0144, Andrzej Brzeziecki &#8222;Ograbiony nar\u00f3d. Rozmowy z intelektualistami bia\u0142oruskimi\u201d, <a href=\"http:\/\/www.kew.org.pl\/\" target=\"_blank\" title=\"Kliknij, aby przej\u015b\u0107 na stron\u0119 wydawcy\">Kolegium Europy Wschodniej im. Jana Nowaka-Jeziora\u0144skiego<\/a>, Wroc\u0142aw 2007.<\/strong><\/p>\n<div class=\"powerpress_player\" id=\"powerpress_player_3301\"><audio class=\"wp-audio-shortcode\" id=\"audio-68-1\" preload=\"none\" style=\"width: 100%;\" controls=\"controls\"><source type=\"audio\/mpeg\" src=\"https:\/\/www.glosa.info\/epizody\/glosa59.mp3?_=1\" \/><a href=\"https:\/\/www.glosa.info\/epizody\/glosa59.mp3\">https:\/\/www.glosa.info\/epizody\/glosa59.mp3<\/a><\/audio><\/div><p class=\"powerpress_links powerpress_links_mp3\" style=\"margin-bottom: 1px !important;\">Podcast: <a href=\"https:\/\/www.glosa.info\/epizody\/glosa59.mp3\" class=\"powerpress_link_pinw\" target=\"_blank\" title=\"Play in new window\" onclick=\"return powerpress_pinw('https:\/\/www.glosa.info\/?powerpress_pinw=68-podcast');\" rel=\"nofollow\">Play in new window<\/a> | <a href=\"https:\/\/www.glosa.info\/epizody\/glosa59.mp3\" class=\"powerpress_link_d\" title=\"Download\" rel=\"nofollow\" download=\"glosa59.mp3\">Download<\/a><\/p>","protected":false},"excerpt":{"rendered":"<p>Bia\u0142oru\u015b widzimy najcz\u0119\u015bciej przez pryzmat z jednej strony \u0141ukaszenki, z drugiej opozycjonist\u00f3w pa\u0142owanych przez milicj\u0119. Ma\u0142gorzata Nocu\u0144 i Andrzej Brzeziecki w ksi\u0105\u017cce \u201eOgrabiony nar\u00f3d\u201d chc\u0105 pokaza\u0107 Bia\u0142oru\u015b intelektualn\u0105 i kulturaln\u0105. Przeprowadzili wywiady z trzynastoma lud\u017ami nauki i kultury, zarysowuj\u0105c pejza\u017c duchowy naszego wschodniego s\u0105siada. To ciekawe podej\u015bcie do Bia\u0142orusi, rzadko spotykane w mediach. Tym ciekawsze, [&hellip;]<\/p>\n","protected":false},"author":1,"featured_media":0,"comment_status":"open","ping_status":"open","sticky":false,"template":"","format":"standard","meta":{"footnotes":""},"categories":[],"tags":[],"class_list":["post-68","post","type-post","status-publish","format-standard","hentry"],"_links":{"self":[{"href":"https:\/\/www.glosa.info\/index.php?rest_route=\/wp\/v2\/posts\/68","targetHints":{"allow":["GET"]}}],"collection":[{"href":"https:\/\/www.glosa.info\/index.php?rest_route=\/wp\/v2\/posts"}],"about":[{"href":"https:\/\/www.glosa.info\/index.php?rest_route=\/wp\/v2\/types\/post"}],"author":[{"embeddable":true,"href":"https:\/\/www.glosa.info\/index.php?rest_route=\/wp\/v2\/users\/1"}],"replies":[{"embeddable":true,"href":"https:\/\/www.glosa.info\/index.php?rest_route=%2Fwp%2Fv2%2Fcomments&post=68"}],"version-history":[{"count":0,"href":"https:\/\/www.glosa.info\/index.php?rest_route=\/wp\/v2\/posts\/68\/revisions"}],"wp:attachment":[{"href":"https:\/\/www.glosa.info\/index.php?rest_route=%2Fwp%2Fv2%2Fmedia&parent=68"}],"wp:term":[{"taxonomy":"category","embeddable":true,"href":"https:\/\/www.glosa.info\/index.php?rest_route=%2Fwp%2Fv2%2Fcategories&post=68"},{"taxonomy":"post_tag","embeddable":true,"href":"https:\/\/www.glosa.info\/index.php?rest_route=%2Fwp%2Fv2%2Ftags&post=68"}],"curies":[{"name":"wp","href":"https:\/\/api.w.org\/{rel}","templated":true}]}}