{"id":58,"date":"2007-07-14T12:26:21","date_gmt":"2007-07-14T10:26:21","guid":{"rendered":"https:\/\/www.glosa.info\/?p=58"},"modified":"2007-08-13T15:01:48","modified_gmt":"2007-08-13T13:01:48","slug":"odcinek-49-mariusz-urbanek-zly-tyrmand","status":"publish","type":"post","link":"https:\/\/www.glosa.info\/?p=58","title":{"rendered":"Odcinek 49: Mariusz Urbanek &#8222;Z\u0142y Tyrmand&#8221;"},"content":{"rendered":"<p><img decoding=\"async\" src=\"https:\/\/glosa.info\/grafika\/49\/tyrmand.jpg\" alt=\"Z\u0142y Tyrmand - ok\u0142adka\" title=\"Z\u0142y Tyrmand - ok\u0142adka\" class=\"alignright\" align=\"right\" border=\"1\" \/>Ksi\u0105\u017cka Mariusza Urbanka o Leopoldzie Tyrmandzie ukazuje si\u0119 w drugim, rozszerzonym wydaniu. Z ksi\u0105\u017cki \u201eZ\u0142y Tyrmand\u201d wy\u0142ania si\u0119 obraz postaci barwnej i niejednoznacznej, kt\u00f3ra w latach pi\u0119\u0107dziesi\u0105tych ubieg\u0142ego wieku owiana by\u0142a legend\u0105. G\u0142\u00f3wnie za spraw\u0105 powie\u015bci \u201eZ\u0142y\u201d, krymina\u0142u o warszawskim powojennym p\u00f3\u0142\u015bwiatku, pe\u0142nym apostrof do ka\u017cdego najdrobniejszego elementu ukochanej stolicy.<\/p>\n<p>Urbanek nie jest wobec Tyrmanda tak bezkrytyczny jak Tyrmand wobec Warszawy. Przytacza zar\u00f3wno opinie os\u00f3b, kt\u00f3re uwielbia\u0142y tw\u00f3rczo\u015b\u0107 autora \u201eZ\u0142ego\u201d \u2013 np.: \u201eTyrmand mia\u0142 nadznajomo\u015b\u0107 polszczyzny, kt\u00f3r\u0105 maj\u0105 \u017bydzi. To powodowa\u0142o, \u017ce m\u00f3wi\u0142 po polsku du\u017co lepiej ni\u017c Polacy\u201d, jak i opinie bezlitosne: \u201eCz\u0142owiek bierze <span style=\"font-size: 12pt\">\u00bb<\/span>Z\u0142ego<span style=\"font-size: 12pt\">\u00ab<\/span> do r\u0119ki, czyta pierwsze zdanie i od razu wie, \u017ce to grafomania\u201d.<\/p>\n<p>Urbanek nie filtruje przekazywanych mu relacji o Tyrmandzie, dlatego w ksi\u0105\u017cce jest pe\u0142no sprzecznych informacji. Wida\u0107, jak niejednoznaczn\u0105 postaci\u0105 by\u0142 Tyrmand i jak r\u00f3\u017cnie zapami\u0119tali go ci, kt\u00f3rzy si\u0119 z nim zetkn\u0119li.<\/p>\n[audio:https:\/\/www.glosa.info\/epizody\/glosa49.mp3]\n<p><a href=\"https:\/\/www.glosa.info\/epizody\/glosa49.mp3\" title=\"Kliknij, aby zapisa\u0107 na dysku odcinek o Z\u0142ym Tyrmandzie.\">Kliknij tutaj, aby zapisa\u0107 na dysku odcinek &#8222;Glosy &#8211; podkastu o nowych ksi\u0105\u017ckach&#8221; o &#8222;Z\u0142ym Tyrmandzie&#8221;.<\/a><\/p>\n<p><strong>Mariusz Urbanek, &#8222;Z\u0142y Tyrmand&#8221;, <a href=\"http:\/\/www.iskry.com.pl\" target=\"_blank\" title=\"Kliknij, aby przej\u015b\u0107 na stron\u0119 wydawcy\">Wydawnictwo Iskry<\/a>, Warszawa 2007.<\/strong><\/p>\n<div class=\"powerpress_player\" id=\"powerpress_player_2300\"><audio class=\"wp-audio-shortcode\" id=\"audio-58-1\" preload=\"none\" style=\"width: 100%;\" controls=\"controls\"><source type=\"audio\/mpeg\" src=\"https:\/\/www.glosa.info\/epizody\/glosa49.mp3?_=1\" \/><a href=\"https:\/\/www.glosa.info\/epizody\/glosa49.mp3\">https:\/\/www.glosa.info\/epizody\/glosa49.mp3<\/a><\/audio><\/div><p class=\"powerpress_links powerpress_links_mp3\" style=\"margin-bottom: 1px !important;\">Podcast: <a href=\"https:\/\/www.glosa.info\/epizody\/glosa49.mp3\" class=\"powerpress_link_pinw\" target=\"_blank\" title=\"Play in new window\" onclick=\"return powerpress_pinw('https:\/\/www.glosa.info\/?powerpress_pinw=58-podcast');\" rel=\"nofollow\">Play in new window<\/a> | <a href=\"https:\/\/www.glosa.info\/epizody\/glosa49.mp3\" class=\"powerpress_link_d\" title=\"Download\" rel=\"nofollow\" download=\"glosa49.mp3\">Download<\/a><\/p>","protected":false},"excerpt":{"rendered":"<p>Ksi\u0105\u017cka Mariusza Urbanka o Leopoldzie Tyrmandzie ukazuje si\u0119 w drugim, rozszerzonym wydaniu. Z ksi\u0105\u017cki \u201eZ\u0142y Tyrmand\u201d wy\u0142ania si\u0119 obraz postaci barwnej i niejednoznacznej, kt\u00f3ra w latach pi\u0119\u0107dziesi\u0105tych ubieg\u0142ego wieku owiana by\u0142a legend\u0105. G\u0142\u00f3wnie za spraw\u0105 powie\u015bci \u201eZ\u0142y\u201d, krymina\u0142u o warszawskim powojennym p\u00f3\u0142\u015bwiatku, pe\u0142nym apostrof do ka\u017cdego najdrobniejszego elementu ukochanej stolicy. Urbanek nie jest wobec Tyrmanda [&hellip;]<\/p>\n","protected":false},"author":1,"featured_media":0,"comment_status":"open","ping_status":"open","sticky":false,"template":"","format":"standard","meta":{"footnotes":""},"categories":[],"tags":[],"class_list":["post-58","post","type-post","status-publish","format-standard","hentry"],"_links":{"self":[{"href":"https:\/\/www.glosa.info\/index.php?rest_route=\/wp\/v2\/posts\/58","targetHints":{"allow":["GET"]}}],"collection":[{"href":"https:\/\/www.glosa.info\/index.php?rest_route=\/wp\/v2\/posts"}],"about":[{"href":"https:\/\/www.glosa.info\/index.php?rest_route=\/wp\/v2\/types\/post"}],"author":[{"embeddable":true,"href":"https:\/\/www.glosa.info\/index.php?rest_route=\/wp\/v2\/users\/1"}],"replies":[{"embeddable":true,"href":"https:\/\/www.glosa.info\/index.php?rest_route=%2Fwp%2Fv2%2Fcomments&post=58"}],"version-history":[{"count":0,"href":"https:\/\/www.glosa.info\/index.php?rest_route=\/wp\/v2\/posts\/58\/revisions"}],"wp:attachment":[{"href":"https:\/\/www.glosa.info\/index.php?rest_route=%2Fwp%2Fv2%2Fmedia&parent=58"}],"wp:term":[{"taxonomy":"category","embeddable":true,"href":"https:\/\/www.glosa.info\/index.php?rest_route=%2Fwp%2Fv2%2Fcategories&post=58"},{"taxonomy":"post_tag","embeddable":true,"href":"https:\/\/www.glosa.info\/index.php?rest_route=%2Fwp%2Fv2%2Ftags&post=58"}],"curies":[{"name":"wp","href":"https:\/\/api.w.org\/{rel}","templated":true}]}}